{"id":1321,"date":"2022-04-10T23:38:31","date_gmt":"2022-04-10T21:38:31","guid":{"rendered":"https:\/\/www.schloeffel.de\/markencenter\/?p=1321"},"modified":"2022-04-10T23:38:31","modified_gmt":"2022-04-10T21:38:31","slug":"herr-schlitzkus","status":"publish","type":"post","link":"https:\/\/www.schloeffel.de\/markencenter\/2022\/04\/10\/herr-schlitzkus\/","title":{"rendered":"Herr Schlitzkus"},"content":{"rendered":"<div class=\"fusion-fullwidth fullwidth-box fusion-builder-row-1 fusion-flex-container nonhundred-percent-fullwidth non-hundred-percent-height-scrolling\" style=\"background-color: rgba(255,255,255,0);background-position: center center;background-repeat: no-repeat;border-width: 0px 0px 0px 0px;border-color:#e2e2e2;border-style:solid;\" ><div class=\"fusion-builder-row fusion-row fusion-flex-align-items-flex-start\" style=\"max-width:1664px;margin-left: calc(-4% \/ 2 );margin-right: calc(-4% \/ 2 );\"><div class=\"fusion-layout-column fusion_builder_column fusion-builder-column-0 fusion_builder_column_1_1 1_1 fusion-flex-column\"><div class=\"fusion-column-wrapper fusion-flex-justify-content-flex-start fusion-content-layout-column\" style=\"background-position:left top;background-repeat:no-repeat;-webkit-background-size:cover;-moz-background-size:cover;-o-background-size:cover;background-size:cover;padding: 0px 0px 0px 0px;\"><div ><style>.fusion-imageframe.imageframe-1{ margin-top : 0px;margin-bottom : 20px;}<\/style><span class=\" fusion-imageframe imageframe-none imageframe-1 hover-type-none\"><img decoding=\"async\" width=\"599\" height=\"449\" title=\"Schlitzkus\" src=\"https:\/\/www.schloeffel.de\/markencenter\/wp-content\/uploads\/2021\/05\/Schlitzkus.jpg\" alt class=\"img-responsive wp-image-195\" srcset=\"https:\/\/www.schloeffel.de\/markencenter\/wp-content\/uploads\/2021\/05\/Schlitzkus-200x150.jpg 200w, https:\/\/www.schloeffel.de\/markencenter\/wp-content\/uploads\/2021\/05\/Schlitzkus-400x300.jpg 400w, https:\/\/www.schloeffel.de\/markencenter\/wp-content\/uploads\/2021\/05\/Schlitzkus.jpg 599w\" sizes=\"(max-width: 640px) 100vw, 599px\" \/><\/span><\/div><div class=\"fusion-text fusion-text-1\"><p>Perfektes Wetter f\u00fcr Spritztouren mit dem neuen markencenter Micra! Den hat Tim Schlitzkus heute abgeholt. An das erste Auto werden schon besondere Anspr\u00fcche gestellt, was Sicherheit und schickes Design angeht. Wenn dann noch der Verbrauch passt und es ein tolles Leasing-Angebot gibt \u2013 dann ist das nur ein Grund mehr f\u00fcr den Deal. Das ganze Team vom Autohaus Schl\u00f6ffel w\u00fcnscht allzeit gute und sicherere Fahrt!<\/p>\n<p>Sie sind auch auf der Suche? Dann kommen Sie doch zu uns \u2013 oder besuchen Sie uns online auf\u00a0<a href=\"http:\/\/www.schloeffel.de\/\"><span style=\"color: #e32086;\">www.schloeffel.de<\/span><\/a><\/p>\n<\/div><div ><style>.fusion-button.button-1{border-color:#ffffff;border-radius:4px 4px 4px 4px;background:#e32086;}.fusion-button.button-1 .fusion-button-text,.fusion-button.button-1 i,.fusion-button.button-1:hover .fusion-button-text,.fusion-button.button-1:hover i,.fusion-button.button-1:focus .fusion-button-text,.fusion-button.button-1:focus i,.fusion-button.button-1:active .fusion-button-text,.fusion-button.button-1:active i{color:#ffffff;}.fusion-button.button-1:hover,.fusion-button.button-1:active,.fusion-button.button-1:focus{border-color:#ffffff;background:#bc0464;}<\/style><a class=\"fusion-button button-flat fusion-button-default-size button-custom button-1 fusion-button-default-span fusion-button-default-type\" target=\"_self\"><span class=\"fusion-button-text\">PRIVATKUNDEN<\/span><\/a><\/div><\/div><style type=\"text\/css\">.fusion-body .fusion-builder-column-0{width:100% !important;margin-top : 0px;margin-bottom : 20px;}.fusion-builder-column-0 > .fusion-column-wrapper {padding-top : 0px !important;padding-right : 0px !important;margin-right : 1.92%;padding-bottom : 0px !important;padding-left : 0px !important;margin-left : 1.92%;}@media only screen and (max-width:1024px) {.fusion-body .fusion-builder-column-0{width:100% !important;order : 0;}.fusion-builder-column-0 > .fusion-column-wrapper {margin-right : 1.92%;margin-left : 1.92%;}}@media only screen and (max-width:640px) {.fusion-body .fusion-builder-column-0{width:100% !important;order : 0;}.fusion-builder-column-0 > .fusion-column-wrapper {margin-right : 1.92%;margin-left : 1.92%;}}<\/style><\/div><\/div><style type=\"text\/css\">.fusion-body .fusion-flex-container.fusion-builder-row-1{ padding-top : 0px;margin-top : 0px;padding-right : 0px;padding-bottom : 0px;margin-bottom : 0px;padding-left : 0px;}<\/style><\/div>\n","protected":false},"excerpt":{"rendered":"","protected":false},"author":1,"featured_media":195,"comment_status":"open","ping_status":"open","sticky":false,"template":"","format":"standard","meta":{"footnotes":""},"categories":[18],"tags":[],"class_list":["post-1321","post","type-post","status-publish","format-standard","has-post-thumbnail","hentry","category-kundenstimmen"],"yoast_head":"<!-- This site is optimized with the Yoast SEO plugin v19.14 - https:\/\/yoast.com\/wordpress\/plugins\/seo\/ -->\n<title>Herr Schlitzkus - markencenter<\/title>\n<meta name=\"robots\" content=\"index, follow, max-snippet:-1, max-image-preview:large, max-video-preview:-1\" \/>\n<link rel=\"canonical\" href=\"https:\/\/www.schloeffel.de\/markencenter\/2022\/04\/10\/herr-schlitzkus\/\" \/>\n<meta property=\"og:locale\" content=\"de_DE\" \/>\n<meta property=\"og:type\" content=\"article\" \/>\n<meta property=\"og:title\" content=\"Herr Schlitzkus - markencenter\" \/>\n<meta property=\"og:url\" content=\"https:\/\/www.schloeffel.de\/markencenter\/2022\/04\/10\/herr-schlitzkus\/\" \/>\n<meta property=\"og:site_name\" content=\"markencenter\" \/>\n<meta property=\"article:published_time\" content=\"2022-04-10T21:38:31+00:00\" \/>\n<meta property=\"og:image\" content=\"https:\/\/www.schloeffel.de\/markencenter\/wp-content\/uploads\/2021\/05\/Schlitzkus.jpg\" \/>\n\t<meta property=\"og:image:width\" content=\"599\" \/>\n\t<meta property=\"og:image:height\" content=\"449\" \/>\n\t<meta property=\"og:image:type\" content=\"image\/jpeg\" \/>\n<meta name=\"author\" content=\"c13markencenter\" \/>\n<meta name=\"twitter:card\" content=\"summary_large_image\" \/>\n<meta name=\"twitter:label1\" content=\"Verfasst von\" \/>\n\t<meta name=\"twitter:data1\" content=\"c13markencenter\" \/>\n\t<meta name=\"twitter:label2\" content=\"Gesch\u00e4tzte Lesezeit\" \/>\n\t<meta name=\"twitter:data2\" content=\"5\u00a0Minuten\" \/>\n<script type=\"application\/ld+json\" class=\"yoast-schema-graph\">{\"@context\":\"https:\/\/schema.org\",\"@graph\":[{\"@type\":\"WebPage\",\"@id\":\"https:\/\/www.schloeffel.de\/markencenter\/2022\/04\/10\/herr-schlitzkus\/\",\"url\":\"https:\/\/www.schloeffel.de\/markencenter\/2022\/04\/10\/herr-schlitzkus\/\",\"name\":\"Herr Schlitzkus - markencenter\",\"isPartOf\":{\"@id\":\"https:\/\/www.schloeffel.de\/markencenter\/#website\"},\"datePublished\":\"2022-04-10T21:38:31+00:00\",\"dateModified\":\"2022-04-10T21:38:31+00:00\",\"author\":{\"@id\":\"https:\/\/www.schloeffel.de\/markencenter\/#\/schema\/person\/bf960a9d17dd1dd86b2d6a582b42978b\"},\"breadcrumb\":{\"@id\":\"https:\/\/www.schloeffel.de\/markencenter\/2022\/04\/10\/herr-schlitzkus\/#breadcrumb\"},\"inLanguage\":\"de\",\"potentialAction\":[{\"@type\":\"ReadAction\",\"target\":[\"https:\/\/www.schloeffel.de\/markencenter\/2022\/04\/10\/herr-schlitzkus\/\"]}]},{\"@type\":\"BreadcrumbList\",\"@id\":\"https:\/\/www.schloeffel.de\/markencenter\/2022\/04\/10\/herr-schlitzkus\/#breadcrumb\",\"itemListElement\":[{\"@type\":\"ListItem\",\"position\":1,\"name\":\"Startseite\",\"item\":\"https:\/\/www.schloeffel.de\/markencenter\/\"},{\"@type\":\"ListItem\",\"position\":2,\"name\":\"Herr Schlitzkus\"}]},{\"@type\":\"WebSite\",\"@id\":\"https:\/\/www.schloeffel.de\/markencenter\/#website\",\"url\":\"https:\/\/www.schloeffel.de\/markencenter\/\",\"name\":\"markencenter\",\"description\":\"Eine weitere WordPress-Website\",\"potentialAction\":[{\"@type\":\"SearchAction\",\"target\":{\"@type\":\"EntryPoint\",\"urlTemplate\":\"https:\/\/www.schloeffel.de\/markencenter\/?s={search_term_string}\"},\"query-input\":\"required name=search_term_string\"}],\"inLanguage\":\"de\"},{\"@type\":\"Person\",\"@id\":\"https:\/\/www.schloeffel.de\/markencenter\/#\/schema\/person\/bf960a9d17dd1dd86b2d6a582b42978b\",\"name\":\"c13markencenter\",\"image\":{\"@type\":\"ImageObject\",\"inLanguage\":\"de\",\"@id\":\"https:\/\/www.schloeffel.de\/markencenter\/#\/schema\/person\/image\/\",\"url\":\"https:\/\/secure.gravatar.com\/avatar\/ef0f4093295053df40deadf0b455476bbb8be7d22291d012ef425fb7fd98e705?s=96&d=mm&r=g\",\"contentUrl\":\"https:\/\/secure.gravatar.com\/avatar\/ef0f4093295053df40deadf0b455476bbb8be7d22291d012ef425fb7fd98e705?s=96&d=mm&r=g\",\"caption\":\"c13markencenter\"},\"sameAs\":[\"https:\/\/www.schloeffel.de\/markencenter\"],\"url\":\"https:\/\/www.schloeffel.de\/markencenter\/author\/c13markencenter\/\"}]}<\/script>\n<!-- \/ Yoast SEO plugin. -->","yoast_head_json":{"title":"Herr Schlitzkus - markencenter","robots":{"index":"index","follow":"follow","max-snippet":"max-snippet:-1","max-image-preview":"max-image-preview:large","max-video-preview":"max-video-preview:-1"},"canonical":"https:\/\/www.schloeffel.de\/markencenter\/2022\/04\/10\/herr-schlitzkus\/","og_locale":"de_DE","og_type":"article","og_title":"Herr Schlitzkus - markencenter","og_url":"https:\/\/www.schloeffel.de\/markencenter\/2022\/04\/10\/herr-schlitzkus\/","og_site_name":"markencenter","article_published_time":"2022-04-10T21:38:31+00:00","og_image":[{"width":599,"height":449,"url":"https:\/\/www.schloeffel.de\/markencenter\/wp-content\/uploads\/2021\/05\/Schlitzkus.jpg","type":"image\/jpeg"}],"author":"c13markencenter","twitter_card":"summary_large_image","twitter_misc":{"Verfasst von":"c13markencenter","Gesch\u00e4tzte Lesezeit":"5\u00a0Minuten"},"schema":{"@context":"https:\/\/schema.org","@graph":[{"@type":"WebPage","@id":"https:\/\/www.schloeffel.de\/markencenter\/2022\/04\/10\/herr-schlitzkus\/","url":"https:\/\/www.schloeffel.de\/markencenter\/2022\/04\/10\/herr-schlitzkus\/","name":"Herr Schlitzkus - markencenter","isPartOf":{"@id":"https:\/\/www.schloeffel.de\/markencenter\/#website"},"datePublished":"2022-04-10T21:38:31+00:00","dateModified":"2022-04-10T21:38:31+00:00","author":{"@id":"https:\/\/www.schloeffel.de\/markencenter\/#\/schema\/person\/bf960a9d17dd1dd86b2d6a582b42978b"},"breadcrumb":{"@id":"https:\/\/www.schloeffel.de\/markencenter\/2022\/04\/10\/herr-schlitzkus\/#breadcrumb"},"inLanguage":"de","potentialAction":[{"@type":"ReadAction","target":["https:\/\/www.schloeffel.de\/markencenter\/2022\/04\/10\/herr-schlitzkus\/"]}]},{"@type":"BreadcrumbList","@id":"https:\/\/www.schloeffel.de\/markencenter\/2022\/04\/10\/herr-schlitzkus\/#breadcrumb","itemListElement":[{"@type":"ListItem","position":1,"name":"Startseite","item":"https:\/\/www.schloeffel.de\/markencenter\/"},{"@type":"ListItem","position":2,"name":"Herr Schlitzkus"}]},{"@type":"WebSite","@id":"https:\/\/www.schloeffel.de\/markencenter\/#website","url":"https:\/\/www.schloeffel.de\/markencenter\/","name":"markencenter","description":"Eine weitere WordPress-Website","potentialAction":[{"@type":"SearchAction","target":{"@type":"EntryPoint","urlTemplate":"https:\/\/www.schloeffel.de\/markencenter\/?s={search_term_string}"},"query-input":"required name=search_term_string"}],"inLanguage":"de"},{"@type":"Person","@id":"https:\/\/www.schloeffel.de\/markencenter\/#\/schema\/person\/bf960a9d17dd1dd86b2d6a582b42978b","name":"c13markencenter","image":{"@type":"ImageObject","inLanguage":"de","@id":"https:\/\/www.schloeffel.de\/markencenter\/#\/schema\/person\/image\/","url":"https:\/\/secure.gravatar.com\/avatar\/ef0f4093295053df40deadf0b455476bbb8be7d22291d012ef425fb7fd98e705?s=96&d=mm&r=g","contentUrl":"https:\/\/secure.gravatar.com\/avatar\/ef0f4093295053df40deadf0b455476bbb8be7d22291d012ef425fb7fd98e705?s=96&d=mm&r=g","caption":"c13markencenter"},"sameAs":["https:\/\/www.schloeffel.de\/markencenter"],"url":"https:\/\/www.schloeffel.de\/markencenter\/author\/c13markencenter\/"}]}},"_links":{"self":[{"href":"https:\/\/www.schloeffel.de\/markencenter\/wp-json\/wp\/v2\/posts\/1321","targetHints":{"allow":["GET"]}}],"collection":[{"href":"https:\/\/www.schloeffel.de\/markencenter\/wp-json\/wp\/v2\/posts"}],"about":[{"href":"https:\/\/www.schloeffel.de\/markencenter\/wp-json\/wp\/v2\/types\/post"}],"author":[{"embeddable":true,"href":"https:\/\/www.schloeffel.de\/markencenter\/wp-json\/wp\/v2\/users\/1"}],"replies":[{"embeddable":true,"href":"https:\/\/www.schloeffel.de\/markencenter\/wp-json\/wp\/v2\/comments?post=1321"}],"version-history":[{"count":4,"href":"https:\/\/www.schloeffel.de\/markencenter\/wp-json\/wp\/v2\/posts\/1321\/revisions"}],"predecessor-version":[{"id":1325,"href":"https:\/\/www.schloeffel.de\/markencenter\/wp-json\/wp\/v2\/posts\/1321\/revisions\/1325"}],"wp:featuredmedia":[{"embeddable":true,"href":"https:\/\/www.schloeffel.de\/markencenter\/wp-json\/wp\/v2\/media\/195"}],"wp:attachment":[{"href":"https:\/\/www.schloeffel.de\/markencenter\/wp-json\/wp\/v2\/media?parent=1321"}],"wp:term":[{"taxonomy":"category","embeddable":true,"href":"https:\/\/www.schloeffel.de\/markencenter\/wp-json\/wp\/v2\/categories?post=1321"},{"taxonomy":"post_tag","embeddable":true,"href":"https:\/\/www.schloeffel.de\/markencenter\/wp-json\/wp\/v2\/tags?post=1321"}],"curies":[{"name":"wp","href":"https:\/\/api.w.org\/{rel}","templated":true}]}}