{"id":1237,"date":"2022-03-02T18:40:57","date_gmt":"2022-03-02T17:40:57","guid":{"rendered":"https:\/\/www.schloeffel.de\/markencenter\/?p=1237"},"modified":"2022-12-05T18:07:06","modified_gmt":"2022-12-05T17:07:06","slug":"aenderungen-2022","status":"publish","type":"post","link":"https:\/\/www.schloeffel.de\/markencenter\/2022\/03\/02\/aenderungen-2022\/","title":{"rendered":"<strong><span style=\"font-size: 24px;line-height: 1.0;\">\u00c4nderungen 2023<\/span><\/strong>"},"content":{"rendered":"<div class=\"fusion-fullwidth fullwidth-box fusion-builder-row-1 fusion-flex-container nonhundred-percent-fullwidth non-hundred-percent-height-scrolling\" style=\"background-color: rgba(255,255,255,0);background-position: center center;background-repeat: no-repeat;border-width: 0px 0px 0px 0px;border-color:#e2e2e2;border-style:solid;\" ><div class=\"fusion-builder-row fusion-row fusion-flex-align-items-flex-start\" style=\"max-width:1664px;margin-left: calc(-4% \/ 2 );margin-right: calc(-4% \/ 2 );\"><div class=\"fusion-layout-column fusion_builder_column fusion-builder-column-0 fusion_builder_column_1_1 1_1 fusion-flex-column\"><div class=\"fusion-column-wrapper fusion-flex-justify-content-flex-start fusion-content-layout-column\" style=\"background-position:left top;background-repeat:no-repeat;-webkit-background-size:cover;-moz-background-size:cover;-o-background-size:cover;background-size:cover;padding: 0px 0px 0px 0px;\"><div ><style>.fusion-imageframe.imageframe-1{ margin-bottom : 20px;}<\/style><span class=\" fusion-imageframe imageframe-none imageframe-1 hover-type-none\"><img decoding=\"async\" width=\"600\" height=\"400\" title=\"E-1-4-600&#215;400\" src=\"https:\/\/www.schloeffel.de\/markencenter\/wp-content\/uploads\/2022\/03\/E-1-4-600x400-1.jpg\" alt class=\"img-responsive wp-image-1238\" srcset=\"https:\/\/www.schloeffel.de\/markencenter\/wp-content\/uploads\/2022\/03\/E-1-4-600x400-1-200x133.jpg 200w, https:\/\/www.schloeffel.de\/markencenter\/wp-content\/uploads\/2022\/03\/E-1-4-600x400-1-400x267.jpg 400w, https:\/\/www.schloeffel.de\/markencenter\/wp-content\/uploads\/2022\/03\/E-1-4-600x400-1.jpg 600w\" sizes=\"(max-width: 640px) 100vw, 600px\" \/><\/span><\/div><div class=\"fusion-text fusion-text-1\"><div class=\"fusion-text fusion-text-1\">\n<p><strong>\u00c4nderungen und Neues 2023<\/strong><\/p>\n<p><strong>Staatliche F\u00f6rderungen<\/strong> gibt es ab sofort nur noch f\u00fcr Fahrzeuge, die nachweislich einen positiven Klimaschutzeffekt haben. Damit sind Plug-in-Hybride raus. Aber auch die H\u00f6he des Umweltbonus f\u00fcr Brennstoffzellen- \/ Elektrofahrzeuge insgesamt sinkt: Bei einem Nettolistenpreis von bis zu 40.000 \u20ac werden noch 4.500 \u20ac, bei einem Nettolistenpreis zwischen 40.000 \u20ac und 65.000 \u20ac werden noch 3.000 \u20ac F\u00f6rderung zugestanden. Unver\u00e4ndert: E-Fahrzeuge, die in der Anschaffung dar\u00fcber liegen erhalten keine F\u00f6rderung.<\/p>\n<p>Achtung Firmenfahrzeuge: Auch f\u00fcr Leasingfahrzeuge, deren Laufzeit unter 12 Monaten liegt, werden nicht mehr gef\u00f6rdert. Und ab 01.09.2023 ist die F\u00f6rderung f\u00fcr Firmen ebenso Geschichte. Dann k\u00f6nnen nur noch Privatpersonen davon profitieren.<\/p>\n<p><strong>Neue Verbandsk\u00e4sten<\/strong> enthalten ab sofort 2 Masken. Da die formale Anpassung an die Stra\u00dfenverkehrszulassungsordnung noch nicht erfolgt ist, m\u00fcssen alte Verbandsk\u00e4sten weder ausgetauscht noch erg\u00e4nzt werden. Wobei eine Erg\u00e4nzung angesichts der Pandemie dennoch sinnvoll ist.<\/p>\n<p>Theoretisch d\u00fcrften <strong>automatisierte Systeme<\/strong> in Fahrzeugen ab sofort auf Autobahnen bis zu 130 km\/h\u00a0 fahren. Praktisch ist das aber (momentan) unwahrscheinlich. Warum? Weil es bislang erst einen Hersteller gibt, der automatisiertes Fahren \u00fcber den Staupilot anbietet. Und auch dieses ist nur bis max. 60 km\/h zugelassen. Alle anderen Hersteller verf\u00fcgen \u00fcber diese Technik in aktuellen Fahrzeugen noch nicht bzw.es \u00a0fehlt die dazugeh\u00f6rige Zulassung.<\/p>\n<p><strong>F\u00fchrerscheinumtausch<\/strong> f\u00fcr die Jahrg\u00e4nge 1959 bis 1964. Wieder verlieren viele F\u00fchrerscheine demn\u00e4chst ihre G\u00fcltigkeit. Wer in eine Polizeikontrolle ger\u00e4t und noch ein rosa oder sogar graues Dokument besitzt, muss u. U. 10\u20ac Verwarngeld bezahlen. Sind Sie zwischen 1959 und 1964 geboren, m\u00fcssen Sie Ihren F\u00fchrerschein bis zum 19.01.2023 gegen einen f\u00e4lschungssicheren im Scheckkartenformat eintauschen. Dieser ist in der F\u00fchrerscheinstelle des Landratsamtes zu bekommen, kostet 25\u20ac und ist f\u00fcr 15 Jahre g\u00fcltig.<\/p>\n<p><strong>Gute Nachrichten: <\/strong><\/p>\n<p>Die im Rahmen der <strong>CO2 Abgabe<\/strong> geplante Erh\u00f6hung der Spritpreise um ca. 1,5 Cent sollte eigentlich ab dem 01.01.2023 umgesetzt werden.\u00a0 Dies wurde auf Grund der gestiegenen Energiepreise und um die B\u00fcrger zu entlasten auf 2024 verschoben. Der Preis von 30 Euro pro Tonne Co2 bleibt damit vorerst f\u00fcr ein weiteres Jahr. Leider wird der Sprit deswegen aber nicht g\u00fcnstiger \u2013 im Gegenteil \u2013 die hohen Preise werden bleiben.<\/p>\n<p><strong>Euro NCAP<\/strong> ist sicherlich jedem in Verbindung mit Crashtests ein Begriff. Die Organisation die genauso hei\u00dft, bewertet Fahrzeuge nach Sicherheitskriterien die aktiv und passiv bei einem Unfall eingreifen und helfen, den Schutz von Insassen und Unfallopfern zu erh\u00f6hen . Jene Bewertungskriterien werden ab Januar versch\u00e4rft und sicherheitsrelevante Assistenzsysteme fallen st\u00e4rker ins Gewicht, so dass es schwieriger wird, eine 5-Sterne-Bewertung zu bekommen. Wir sind aber sicher, dass NISSAN wieder ganz vorne mit dabei sein wird. Fahren Sie sicher!<\/p>\n<\/div>\n<\/div><\/div><style type=\"text\/css\">.fusion-body .fusion-builder-column-0{width:100% !important;margin-top : 0px;margin-bottom : 20px;}.fusion-builder-column-0 > .fusion-column-wrapper {padding-top : 0px !important;padding-right : 0px !important;margin-right : 1.92%;padding-bottom : 0px !important;padding-left : 0px !important;margin-left : 1.92%;}@media only screen and (max-width:1024px) {.fusion-body .fusion-builder-column-0{width:100% !important;order : 0;}.fusion-builder-column-0 > .fusion-column-wrapper {margin-right : 1.92%;margin-left : 1.92%;}}@media only screen and (max-width:640px) {.fusion-body .fusion-builder-column-0{width:100% !important;order : 0;}.fusion-builder-column-0 > .fusion-column-wrapper {margin-right : 1.92%;margin-left : 1.92%;}}<\/style><\/div><\/div><style type=\"text\/css\">.fusion-body .fusion-flex-container.fusion-builder-row-1{ padding-top : 0px;margin-top : 0px;padding-right : 0px;padding-bottom : 0px;margin-bottom : 0px;padding-left : 0px;}<\/style><\/div>\n","protected":false},"excerpt":{"rendered":"","protected":false},"author":1,"featured_media":1238,"comment_status":"open","ping_status":"open","sticky":false,"template":"","format":"standard","meta":{"footnotes":""},"categories":[16],"tags":[],"class_list":["post-1237","post","type-post","status-publish","format-standard","has-post-thumbnail","hentry","category-aktuelles"],"yoast_head":"<!-- This site is optimized with the Yoast SEO plugin v19.14 - https:\/\/yoast.com\/wordpress\/plugins\/seo\/ -->\n<title>\u00c4nderungen 2023 - markencenter<\/title>\n<meta name=\"robots\" content=\"index, follow, max-snippet:-1, max-image-preview:large, max-video-preview:-1\" \/>\n<link rel=\"canonical\" href=\"https:\/\/www.schloeffel.de\/markencenter\/2022\/03\/02\/aenderungen-2022\/\" \/>\n<meta property=\"og:locale\" content=\"de_DE\" \/>\n<meta property=\"og:type\" content=\"article\" \/>\n<meta property=\"og:title\" content=\"\u00c4nderungen 2023 - markencenter\" \/>\n<meta property=\"og:url\" content=\"https:\/\/www.schloeffel.de\/markencenter\/2022\/03\/02\/aenderungen-2022\/\" \/>\n<meta property=\"og:site_name\" content=\"markencenter\" \/>\n<meta property=\"article:published_time\" content=\"2022-03-02T17:40:57+00:00\" \/>\n<meta property=\"article:modified_time\" content=\"2022-12-05T17:07:06+00:00\" \/>\n<meta property=\"og:image\" content=\"https:\/\/www.schloeffel.de\/markencenter\/wp-content\/uploads\/2022\/03\/E-1-4-600x400-1.jpg\" \/>\n\t<meta property=\"og:image:width\" content=\"600\" \/>\n\t<meta property=\"og:image:height\" content=\"400\" \/>\n\t<meta property=\"og:image:type\" content=\"image\/jpeg\" \/>\n<meta name=\"author\" content=\"c13markencenter\" \/>\n<meta name=\"twitter:card\" content=\"summary_large_image\" \/>\n<meta name=\"twitter:label1\" content=\"Verfasst von\" \/>\n\t<meta name=\"twitter:data1\" content=\"c13markencenter\" \/>\n\t<meta name=\"twitter:label2\" content=\"Gesch\u00e4tzte Lesezeit\" \/>\n\t<meta name=\"twitter:data2\" content=\"6\u00a0Minuten\" \/>\n<script type=\"application\/ld+json\" class=\"yoast-schema-graph\">{\"@context\":\"https:\/\/schema.org\",\"@graph\":[{\"@type\":\"WebPage\",\"@id\":\"https:\/\/www.schloeffel.de\/markencenter\/2022\/03\/02\/aenderungen-2022\/\",\"url\":\"https:\/\/www.schloeffel.de\/markencenter\/2022\/03\/02\/aenderungen-2022\/\",\"name\":\"\u00c4nderungen 2023 - markencenter\",\"isPartOf\":{\"@id\":\"https:\/\/www.schloeffel.de\/markencenter\/#website\"},\"datePublished\":\"2022-03-02T17:40:57+00:00\",\"dateModified\":\"2022-12-05T17:07:06+00:00\",\"author\":{\"@id\":\"https:\/\/www.schloeffel.de\/markencenter\/#\/schema\/person\/bf960a9d17dd1dd86b2d6a582b42978b\"},\"breadcrumb\":{\"@id\":\"https:\/\/www.schloeffel.de\/markencenter\/2022\/03\/02\/aenderungen-2022\/#breadcrumb\"},\"inLanguage\":\"de\",\"potentialAction\":[{\"@type\":\"ReadAction\",\"target\":[\"https:\/\/www.schloeffel.de\/markencenter\/2022\/03\/02\/aenderungen-2022\/\"]}]},{\"@type\":\"BreadcrumbList\",\"@id\":\"https:\/\/www.schloeffel.de\/markencenter\/2022\/03\/02\/aenderungen-2022\/#breadcrumb\",\"itemListElement\":[{\"@type\":\"ListItem\",\"position\":1,\"name\":\"Startseite\",\"item\":\"https:\/\/www.schloeffel.de\/markencenter\/\"},{\"@type\":\"ListItem\",\"position\":2,\"name\":\"\u00c4nderungen 2023\"}]},{\"@type\":\"WebSite\",\"@id\":\"https:\/\/www.schloeffel.de\/markencenter\/#website\",\"url\":\"https:\/\/www.schloeffel.de\/markencenter\/\",\"name\":\"markencenter\",\"description\":\"Eine weitere WordPress-Website\",\"potentialAction\":[{\"@type\":\"SearchAction\",\"target\":{\"@type\":\"EntryPoint\",\"urlTemplate\":\"https:\/\/www.schloeffel.de\/markencenter\/?s={search_term_string}\"},\"query-input\":\"required name=search_term_string\"}],\"inLanguage\":\"de\"},{\"@type\":\"Person\",\"@id\":\"https:\/\/www.schloeffel.de\/markencenter\/#\/schema\/person\/bf960a9d17dd1dd86b2d6a582b42978b\",\"name\":\"c13markencenter\",\"image\":{\"@type\":\"ImageObject\",\"inLanguage\":\"de\",\"@id\":\"https:\/\/www.schloeffel.de\/markencenter\/#\/schema\/person\/image\/\",\"url\":\"https:\/\/secure.gravatar.com\/avatar\/ef0f4093295053df40deadf0b455476bbb8be7d22291d012ef425fb7fd98e705?s=96&d=mm&r=g\",\"contentUrl\":\"https:\/\/secure.gravatar.com\/avatar\/ef0f4093295053df40deadf0b455476bbb8be7d22291d012ef425fb7fd98e705?s=96&d=mm&r=g\",\"caption\":\"c13markencenter\"},\"sameAs\":[\"https:\/\/www.schloeffel.de\/markencenter\"],\"url\":\"https:\/\/www.schloeffel.de\/markencenter\/author\/c13markencenter\/\"}]}<\/script>\n<!-- \/ Yoast SEO plugin. -->","yoast_head_json":{"title":"\u00c4nderungen 2023 - markencenter","robots":{"index":"index","follow":"follow","max-snippet":"max-snippet:-1","max-image-preview":"max-image-preview:large","max-video-preview":"max-video-preview:-1"},"canonical":"https:\/\/www.schloeffel.de\/markencenter\/2022\/03\/02\/aenderungen-2022\/","og_locale":"de_DE","og_type":"article","og_title":"\u00c4nderungen 2023 - markencenter","og_url":"https:\/\/www.schloeffel.de\/markencenter\/2022\/03\/02\/aenderungen-2022\/","og_site_name":"markencenter","article_published_time":"2022-03-02T17:40:57+00:00","article_modified_time":"2022-12-05T17:07:06+00:00","og_image":[{"width":600,"height":400,"url":"https:\/\/www.schloeffel.de\/markencenter\/wp-content\/uploads\/2022\/03\/E-1-4-600x400-1.jpg","type":"image\/jpeg"}],"author":"c13markencenter","twitter_card":"summary_large_image","twitter_misc":{"Verfasst von":"c13markencenter","Gesch\u00e4tzte Lesezeit":"6\u00a0Minuten"},"schema":{"@context":"https:\/\/schema.org","@graph":[{"@type":"WebPage","@id":"https:\/\/www.schloeffel.de\/markencenter\/2022\/03\/02\/aenderungen-2022\/","url":"https:\/\/www.schloeffel.de\/markencenter\/2022\/03\/02\/aenderungen-2022\/","name":"\u00c4nderungen 2023 - markencenter","isPartOf":{"@id":"https:\/\/www.schloeffel.de\/markencenter\/#website"},"datePublished":"2022-03-02T17:40:57+00:00","dateModified":"2022-12-05T17:07:06+00:00","author":{"@id":"https:\/\/www.schloeffel.de\/markencenter\/#\/schema\/person\/bf960a9d17dd1dd86b2d6a582b42978b"},"breadcrumb":{"@id":"https:\/\/www.schloeffel.de\/markencenter\/2022\/03\/02\/aenderungen-2022\/#breadcrumb"},"inLanguage":"de","potentialAction":[{"@type":"ReadAction","target":["https:\/\/www.schloeffel.de\/markencenter\/2022\/03\/02\/aenderungen-2022\/"]}]},{"@type":"BreadcrumbList","@id":"https:\/\/www.schloeffel.de\/markencenter\/2022\/03\/02\/aenderungen-2022\/#breadcrumb","itemListElement":[{"@type":"ListItem","position":1,"name":"Startseite","item":"https:\/\/www.schloeffel.de\/markencenter\/"},{"@type":"ListItem","position":2,"name":"\u00c4nderungen 2023"}]},{"@type":"WebSite","@id":"https:\/\/www.schloeffel.de\/markencenter\/#website","url":"https:\/\/www.schloeffel.de\/markencenter\/","name":"markencenter","description":"Eine weitere WordPress-Website","potentialAction":[{"@type":"SearchAction","target":{"@type":"EntryPoint","urlTemplate":"https:\/\/www.schloeffel.de\/markencenter\/?s={search_term_string}"},"query-input":"required name=search_term_string"}],"inLanguage":"de"},{"@type":"Person","@id":"https:\/\/www.schloeffel.de\/markencenter\/#\/schema\/person\/bf960a9d17dd1dd86b2d6a582b42978b","name":"c13markencenter","image":{"@type":"ImageObject","inLanguage":"de","@id":"https:\/\/www.schloeffel.de\/markencenter\/#\/schema\/person\/image\/","url":"https:\/\/secure.gravatar.com\/avatar\/ef0f4093295053df40deadf0b455476bbb8be7d22291d012ef425fb7fd98e705?s=96&d=mm&r=g","contentUrl":"https:\/\/secure.gravatar.com\/avatar\/ef0f4093295053df40deadf0b455476bbb8be7d22291d012ef425fb7fd98e705?s=96&d=mm&r=g","caption":"c13markencenter"},"sameAs":["https:\/\/www.schloeffel.de\/markencenter"],"url":"https:\/\/www.schloeffel.de\/markencenter\/author\/c13markencenter\/"}]}},"_links":{"self":[{"href":"https:\/\/www.schloeffel.de\/markencenter\/wp-json\/wp\/v2\/posts\/1237","targetHints":{"allow":["GET"]}}],"collection":[{"href":"https:\/\/www.schloeffel.de\/markencenter\/wp-json\/wp\/v2\/posts"}],"about":[{"href":"https:\/\/www.schloeffel.de\/markencenter\/wp-json\/wp\/v2\/types\/post"}],"author":[{"embeddable":true,"href":"https:\/\/www.schloeffel.de\/markencenter\/wp-json\/wp\/v2\/users\/1"}],"replies":[{"embeddable":true,"href":"https:\/\/www.schloeffel.de\/markencenter\/wp-json\/wp\/v2\/comments?post=1237"}],"version-history":[{"count":4,"href":"https:\/\/www.schloeffel.de\/markencenter\/wp-json\/wp\/v2\/posts\/1237\/revisions"}],"predecessor-version":[{"id":1644,"href":"https:\/\/www.schloeffel.de\/markencenter\/wp-json\/wp\/v2\/posts\/1237\/revisions\/1644"}],"wp:featuredmedia":[{"embeddable":true,"href":"https:\/\/www.schloeffel.de\/markencenter\/wp-json\/wp\/v2\/media\/1238"}],"wp:attachment":[{"href":"https:\/\/www.schloeffel.de\/markencenter\/wp-json\/wp\/v2\/media?parent=1237"}],"wp:term":[{"taxonomy":"category","embeddable":true,"href":"https:\/\/www.schloeffel.de\/markencenter\/wp-json\/wp\/v2\/categories?post=1237"},{"taxonomy":"post_tag","embeddable":true,"href":"https:\/\/www.schloeffel.de\/markencenter\/wp-json\/wp\/v2\/tags?post=1237"}],"curies":[{"name":"wp","href":"https:\/\/api.w.org\/{rel}","templated":true}]}}